{"id":2003,"date":"2019-02-18T15:01:28","date_gmt":"2019-02-18T14:01:28","guid":{"rendered":"http:\/\/historische-werkstatt-nordenstadt.de\/web97\/?p=2003"},"modified":"2019-02-18T15:04:46","modified_gmt":"2019-02-18T14:04:46","slug":"vereinsgeschichte","status":"publish","type":"post","link":"https:\/\/museum-nordenstadt.de\/?p=2003","title":{"rendered":"Unsere Geschichte"},"content":{"rendered":"\n<p style=\"text-align: justify;\">Der Verein Historische Werkstatt Nordenstadt entstand 1986 aus einem Seminar des Volksbildungs\u00adwerks Nordenstadt-Erbenheim-Delken\u00adheim e.V. und gab sich sp\u00e4ter den erl\u00e4uternden Zusatz &#8222;Verein f\u00fcr Heimat\u00adgeschichte&#8220;. Der Verein widmet sich der Erforschung der Orts\u00adge\u00adschichte, der Auswertung der Schul\u00adchronik und Kirchen\u00adchronik (ab 1630), der Sammlung von Bild\u00addokumenten, Aufzeich\u00adnungen und Erinne\u00adrungen von Ein\u00adwohnern an die fr\u00fcheren Lebens\u00adverh\u00e4ltnisse im Dorf. Ein gro\u00dfes urspr\u00fcngliches Projekt, Aufbau eines Heimat\u00admuseums, ist inzwischen gl\u00fccklich verwirklicht worden.<!--more--><\/p>\n<p style=\"text-align: justify;\">Vereins\u00admitglieder forschten in alten Akten des Hessischen Staats\u00adarchivs Wiesbaden und fertigten umfang\u00adreiche Grund\u00adst\u00fccks- und Steuer\u00adverzeichnisse, ermittelten die alten Besitz- und Berufs\u00adverh\u00e4ltnisse in dem alten, ziemlich abge\u00adschlossenen, land\u00adwirtschaftlich gepr\u00e4gten Dorf mit seiner\u00adzeit weniger als 1000 Ein\u00adwohnern.<br \/>Mit Unter\u00adst\u00fctzung von sach\u00adkundigen Ein\u00adwohnern wurden in den ersten Jahren des Vereins die ver\u00adschiedensten alten Gewerke und Ein\u00adrichtungen er\u00f6rtert, ehemalige bzw. noch heute bestehende Vereine des Ortes auf ihre Geschichte, T\u00e4tig\u00adkeiten und Bedeutung hin untersucht. Im Jahr 1988 erschien der erste Band &#8222;Norden\u00adstadter Einblicke &#8211; Rund\u00adgang durch das alte Dorf&#8220;, in dem die Ergebnisse der Recherche dokumentiert sind. Eine weitere Aktivi\u00adt\u00e4t war eine Aus\u00adstellung \u00fcber die Lebens- und Schul\u00adverh\u00e4ltnisse der Norden\u00adstadter Kinder in der ersten H\u00e4lfte des vorigen Jahr\u00adhunderts. Die Fotos wurden im Bildband &#8222;Norden\u00adstadter Einblicke &#8211; Die Welt der Norden\u00adstadter Kinder&#8220; 1989 ver\u00f6ffentlicht.\u00a0<br \/><br \/>Das alte Fachwerk\u00adhaus von 1667 in der Turm\u00adstra\u00dfe 9-11, in dem lange Zeit Christian Kern seine Amts\u00adstube als B\u00fcrger\u00admeister der Gemeinde Norden\u00adstadt hatte, wurde von der Stadt Wies\u00adbaden restauriert und am 29. April 1995 dem Verein f\u00fcr das Heimat\u00admuseum \u00fcbergeben. Unter dem damaligen Vor\u00adsitzenden Gerhard Reinemer konnte das Haus schnell einge\u00adrichtet werden. Im Erd\u00adgeschoss befinden sich eine K\u00fcche, eine Gast\u00adstube, ein Tante-Emma-Laden und ein Raum f\u00fcr halb\u00adj\u00e4hrlich wechselnde Sonder\u00adausstellungen. Die Schuster\u00adwerkstatt von Karl Zinn aus Norden\u00adstadt, ein Fris\u00f6r\u00adsalon aus Wiesbaden, ein Raum mit altem Kinder\u00adspielzeug, die &#8222;Gut Stubb&#8220; &#8211; seit 1995 als Trau\u00adzimmer zugelassen &#8211; und im Flur viele Expo\u00adnate aus Norden\u00adstadt vervoll\u00adst\u00e4ndigen die Sammlung des Museums.\u00a0<br \/><br \/>Das &#8222;Alte Spritzenhaus&#8220; der Gemeinde wurde im Jahr 2000 dem Museum ange\u00adgliedert. Es enth\u00e4lt eine Feuer\u00adwehrsammlung, Ger\u00e4t\u00adschaften aus Land\u00adwirt\u00adschaft und Handwerk und in der ehemaligen Arrest\u00adzelle, dem St\u00fcmpertche, eine Amts\u00adstube von Soldaten. Seit Gr\u00fcndung des Vereins werden alte Fotos gesammelt, inzwischen befinden sich ca. 4000 Bilder im Archiv.\u00a0<br \/>Beim regel\u00adm\u00e4\u00dfig statt\u00adfindenden Stamm\u00adtisch treffen sich Zeit\u00adzeugen und sprechen \u00fcber Themen der Ortsge\u00adschichte oder das Vereins- oder allt\u00e4gliche Leben im alten Ort. Daraus sind bereits zwei B\u00fccher entstanden &#8222;Heute ist morgen schon gestern&#8220;, die 2011 und 2016 erschienen sind.\u00a0<br \/><br \/>Gerhard Reinemer hat sich in seiner Zeit als Vor\u00adsitzender des Vereins (1994-2017) um das Museum und die Aktivi\u00adt\u00e4ten des Vereins verdient gemacht.\u00a0<br \/>Der Verein engagiert sich mit den folgenden Veran\u00adstaltungen f\u00fcr die B\u00fcrgerinnen und B\u00fcrger: Wiesbadener Wander\u00adtage, Hessen\u00adabend und Weihnachts\u00admarkt. Die Mitglieder des Vereins werden einmal j\u00e4hrlich zu einem Ausflug eingeladen sowie alle ehren\u00adamtlich Aktiven zum Helfer\u00adabend.<\/p>\n","protected":false},"excerpt":{"rendered":"<p>Der Verein Historische Werkstatt Nordenstadt entstand 1986 aus einem Seminar des Volksbildungs&shy;werks Nordenstadt-Erbenheim-Delken&shy;heim e.V. und gab sich sp&auml;ter den erl&auml;uternden Zusatz &bdquo;Verein f&uuml;r Heimat&shy;geschichte&ldquo;. Der Verein widmet sich der Erforschung der Orts&shy;ge&shy;schichte, der Auswertung der Schul&shy;chronik und Kirchen&shy;chronik (ab 1630), der Sammlung von Bild&shy;dokumenten, Aufzeich&shy;nungen und Erinne&shy;rungen von Ein&shy;wohnern an die fr&uuml;heren Lebens&shy;verh&auml;ltnisse im Dorf. [&hellip;]<\/p>\n","protected":false},"author":1,"featured_media":2004,"comment_status":"open","ping_status":"open","sticky":false,"template":"","format":"standard","meta":{"footnotes":""},"categories":[195],"tags":[],"class_list":["post-2003","post","type-post","status-publish","format-standard","has-post-thumbnail","hentry","category-chronik"],"_links":{"self":[{"href":"https:\/\/museum-nordenstadt.de\/index.php?rest_route=\/wp\/v2\/posts\/2003","targetHints":{"allow":["GET"]}}],"collection":[{"href":"https:\/\/museum-nordenstadt.de\/index.php?rest_route=\/wp\/v2\/posts"}],"about":[{"href":"https:\/\/museum-nordenstadt.de\/index.php?rest_route=\/wp\/v2\/types\/post"}],"author":[{"embeddable":true,"href":"https:\/\/museum-nordenstadt.de\/index.php?rest_route=\/wp\/v2\/users\/1"}],"replies":[{"embeddable":true,"href":"https:\/\/museum-nordenstadt.de\/index.php?rest_route=%2Fwp%2Fv2%2Fcomments&post=2003"}],"version-history":[{"count":2,"href":"https:\/\/museum-nordenstadt.de\/index.php?rest_route=\/wp\/v2\/posts\/2003\/revisions"}],"predecessor-version":[{"id":2007,"href":"https:\/\/museum-nordenstadt.de\/index.php?rest_route=\/wp\/v2\/posts\/2003\/revisions\/2007"}],"wp:featuredmedia":[{"embeddable":true,"href":"https:\/\/museum-nordenstadt.de\/index.php?rest_route=\/wp\/v2\/media\/2004"}],"wp:attachment":[{"href":"https:\/\/museum-nordenstadt.de\/index.php?rest_route=%2Fwp%2Fv2%2Fmedia&parent=2003"}],"wp:term":[{"taxonomy":"category","embeddable":true,"href":"https:\/\/museum-nordenstadt.de\/index.php?rest_route=%2Fwp%2Fv2%2Fcategories&post=2003"},{"taxonomy":"post_tag","embeddable":true,"href":"https:\/\/museum-nordenstadt.de\/index.php?rest_route=%2Fwp%2Fv2%2Ftags&post=2003"}],"curies":[{"name":"wp","href":"https:\/\/api.w.org\/{rel}","templated":true}]}}