{"id":2208,"date":"2021-10-05T10:10:04","date_gmt":"2021-10-05T08:10:04","guid":{"rendered":"https:\/\/museum-nordenstadt.de\/?p=2208"},"modified":"2022-10-11T21:52:34","modified_gmt":"2022-10-11T19:52:34","slug":"erntedank-und-museumsoeffnung","status":"publish","type":"post","link":"https:\/\/museum-nordenstadt.de\/?p=2208","title":{"rendered":"Erntedank und Museums\u00f6ffnung"},"content":{"rendered":"\n<p style=\"text-align: justify;\"><strong>Die Historische Werkstatt Nordenstadt freut sich wieder auf ihren Besuch!<\/strong><\/p>\n<p style=\"text-align: justify;\">Am Sonntag den 10. Oktober, ab 13\u00b0\u00b0Uhr, k\u00f6nnen Sie unser Museum wieder besuchen.<br \/>Unter Einhaltung der aktuellen Corona-Regeln und der 3G-Vorschrift; (also: Genesen &#8211; Geimpft &#8211; oder mit aktuellen Test), erwarten wir Sie rund um das Museum!<\/p>\n<p style=\"text-align: justify;\">Die Landfrauen bieten Kaffee und Kuchen im Gruppenraum, im Haus der Vereine an, in der Museumssch\u00e4nke gibt es &#8222;\u00c4ppelwoi&#8220; u. Salzgeb\u00e4ck und die Ortsbauernschaft verkauft, \u00c4pfel u. Kartoffeln(abgepackt).<br \/>Das soll an unser traditionelles Erntedankfest erinnern, welches wir hoffentlich n\u00e4chstes Jahr wieder in gewohnter Weise feiern k\u00f6nnen!<\/p>\n<p style=\"text-align: justify;\">Unser Mitglied Dieter Baum wird seinen Oldtimer-Traktor zeigen und bei hoffentlich sch\u00f6nem Wetter, k\u00f6nnen wir im Museumshof unter gro\u00dfen Pavillons, gem\u00fctlich sitzen.<br \/>Auch unsere bisher nur einmal gezeigte Sonderausstellung: 100 Jahre Ortsbauernschaft + 70 Jahre Landfrauen Nordenstadt, ist zu bewundern!<\/p>\n<p style=\"text-align: justify;\">Viele kleine Exponate, auch in der Bilderwand, sind hinzu gekommen. Unteranderem ein ADLER-Erdglobus von 1939, mit vielen Details wie z. Bsp. Zeppelin-Flugstrecken, Dampferlinien, Gro\u00dfseglerrouten uvm.<br \/>Bis 17\u00b0\u00b0Uhr haben Sie Zeit uns zu besuchen und einen genussvollen Nachmittag zu verbringen!<br \/><br \/>Die HWN bedankt sich vor allem bei Bernd Dressler, Dietmar Kranz, Ekkehard Pflug u. Obsthof Klein, f\u00fcr ihre Spenden, um ein Flair von Erntedank rund um den Museumshof zu zaubern!<br \/>Die gespendeten Fr\u00fcchte, Gem\u00fcse, Obst u. Lebensmittel, werden anschlie\u00dfend der Tafel Wiesbaden gespendet!<br \/>Ebenso bedanken wir uns bei unserem Mitglied Dieter Baum, f\u00fcr seine Bereitschaft seinen &#8222;Porsche&#8220; zu zeigen, bei den Mitgliedern der Landfrauen und den flei\u00dfigen Mitstreitern der HWN!<\/p>\n<p style=\"text-align: justify;\">Der Vorstand freut sich auf viele Besucher und verweist auf die alte \u00d6ffnungsregelung unseres Museums(1. + 3. Sonntag im Monat, v. 15\u00b0\u00b0 &#8211; 17\u00b0\u00b0Uhr).<\/p>\n<p style=\"text-align: justify;\">Wir wollen auch den Weihnachtsmarkt in diesem Jahr durchf\u00fchren! In einer &#8222;Light-Version&#8220;, aufgrund der Coronabedingungen!<br \/><br \/>Also bis zum 10.10.21, ab 13\u00b0\u00b0Uhr, ihr Norbert Fischer(1.Vors. d. HWN)<\/p>\n","protected":false},"excerpt":{"rendered":"<p>Die Historische Werkstatt Nordenstadt freut sich wieder auf ihren Besuch! Am Sonntag den 10. Oktober, ab 13&deg;&deg;Uhr, k&ouml;nnen Sie unser Museum wieder besuchen.Unter Einhaltung der aktuellen Corona-Regeln und der 3G-Vorschrift; (also: Genesen &ndash; Geimpft &ndash; oder mit aktuellen Test), erwarten wir Sie rund um das Museum! Die Landfrauen bieten Kaffee und Kuchen im Gruppenraum, im [&hellip;]<\/p>\n","protected":false},"author":1,"featured_media":2209,"comment_status":"open","ping_status":"open","sticky":false,"template":"","format":"standard","meta":{"footnotes":""},"categories":[197],"tags":[],"class_list":["post-2208","post","type-post","status-publish","format-standard","has-post-thumbnail","hentry","category-ausstellungen"],"_links":{"self":[{"href":"https:\/\/museum-nordenstadt.de\/index.php?rest_route=\/wp\/v2\/posts\/2208","targetHints":{"allow":["GET"]}}],"collection":[{"href":"https:\/\/museum-nordenstadt.de\/index.php?rest_route=\/wp\/v2\/posts"}],"about":[{"href":"https:\/\/museum-nordenstadt.de\/index.php?rest_route=\/wp\/v2\/types\/post"}],"author":[{"embeddable":true,"href":"https:\/\/museum-nordenstadt.de\/index.php?rest_route=\/wp\/v2\/users\/1"}],"replies":[{"embeddable":true,"href":"https:\/\/museum-nordenstadt.de\/index.php?rest_route=%2Fwp%2Fv2%2Fcomments&post=2208"}],"version-history":[{"count":1,"href":"https:\/\/museum-nordenstadt.de\/index.php?rest_route=\/wp\/v2\/posts\/2208\/revisions"}],"predecessor-version":[{"id":2210,"href":"https:\/\/museum-nordenstadt.de\/index.php?rest_route=\/wp\/v2\/posts\/2208\/revisions\/2210"}],"wp:featuredmedia":[{"embeddable":true,"href":"https:\/\/museum-nordenstadt.de\/index.php?rest_route=\/wp\/v2\/media\/2209"}],"wp:attachment":[{"href":"https:\/\/museum-nordenstadt.de\/index.php?rest_route=%2Fwp%2Fv2%2Fmedia&parent=2208"}],"wp:term":[{"taxonomy":"category","embeddable":true,"href":"https:\/\/museum-nordenstadt.de\/index.php?rest_route=%2Fwp%2Fv2%2Fcategories&post=2208"},{"taxonomy":"post_tag","embeddable":true,"href":"https:\/\/museum-nordenstadt.de\/index.php?rest_route=%2Fwp%2Fv2%2Ftags&post=2208"}],"curies":[{"name":"wp","href":"https:\/\/api.w.org\/{rel}","templated":true}]}}