{"id":2288,"date":"2023-02-20T09:47:12","date_gmt":"2023-02-20T08:47:12","guid":{"rendered":"https:\/\/museum-nordenstadt.de\/?p=2288"},"modified":"2024-09-09T18:00:19","modified_gmt":"2024-09-09T16:00:19","slug":"brandschutz-u-fluchtwegekonzept-fuer-unser-heimatmuseum-gefordert","status":"publish","type":"post","link":"https:\/\/museum-nordenstadt.de\/?p=2288","title":{"rendered":"Brandschutz.- u. Fluchtwegekonzept f\u00fcr unser Heimatmuseum gefordert!"},"content":{"rendered":"\n<p><strong>Jetzt soll noch ein zweiter Rettungsweg f\u00fcr den 1. Stock des Historische Museum Nordenstadt entstehen. Eine Komplizierte Bauaufgabe!<\/strong><\/p>\n<p style=\"text-align: justify;\">Nachdem die \u00e4u\u00dferen und inneren Bauarbeiten seit ein paar Monaten fertig sind freute sich die Historische Werkstatt, das Haus Allen zu pr\u00e4sentieren!<\/p>\n<p style=\"text-align: justify;\">Eine Brandschutzbegehung veranlasst durch die Stadt Wiesbaden sollte Klarheit schaffen, wie aktiver Brandschutz f\u00fcr dieses historische Geb\u00e4ude umgesetzt werden kann (Brandmeldeanlage mit Aufschaltung zur Feuerwehr).<\/p>\n<p style=\"text-align: justify;\">Da unser Museum auch als Standesamt fungiert und wir regelm\u00e4\u00dfig Besucher empfangen, ergaben sich neue Brandschutzauflagen und Fluchtwegs Vorschriften, vorwiegend f\u00fcr den 1. Stock!<\/p>\n<p style=\"text-align: justify;\">Die Treppe sowie die Fenstergr\u00f6\u00dfe lassen ein kurzfristiges Eingreifen der Feuerwehr zur Rettung von Personen im 1. OG, nicht zu!<\/p>\n<p style=\"text-align: justify;\">Aus diesem Grund ist bis auf Weiteres, der 1. Stock f\u00fcr Trauungen und Besucher, gesperrt! Nur Ortskundige d\u00fcrfen hoch!<\/p>\n<p style=\"text-align: justify;\">Damit kommt das Historische Museum Nordenstadt der Stadt Wiesbaden mit seiner Auflage der Abteilung Brandschutzes nach. Seitdem blieb das Obergeschoss des Museums gesperrt.<\/p>\n<p style=\"text-align: justify;\">Die HWN hat sofort reagiert und die Museumsschenke in ein Trauzimmer umgewandelt!<\/p>\n<p style=\"text-align: justify;\">In Abstimmung mit der Ortsverwaltung und den Brautpaaren, welche in den kommenden Wochen dort getraut werden sollen, fand eine Begehung statt und unsere Ma\u00dfnahme wurde voll angenommen!<\/p>\n<p style=\"text-align: justify;\">Den Hochzeitsflyer, die Homepage und die Trauinfos, haben wir aktualisiert!<\/p>\n<p style=\"text-align: justify;\">Nun wird man abwarten m\u00fcssen, wie und wann es mit den Arbeiten an dem Denkmalgesch\u00fctzten Geb\u00e4ude weitergehen wird. Der Erbenheimer Anzeiger wird an diesem Thema dranbleiben.<\/p>\n<p style=\"text-align: justify;\">Beim Neujahrsempfang der SPD Nordenstadt bedankte sich der Vorsitzende der Historischen Werkstatt Norbert Fischer mit einem Pr\u00e4sent bei Oberb\u00fcrgermeister Gert-Uwe Mende f\u00fcr seinen Einsatz zur Innstandsetzung des Historische Museums.<\/p>\n<p style=\"text-align: justify;\">OB Mende hat erkl\u00e4rt, dass er die Brandschutzma\u00dfnahme ebenfalls begleiten will!<\/p>\n<p style=\"text-align: justify;\"><strong>Am Sonntag, dem 5. M\u00e4rz 2023 \u00f6ffnet das Historische Museum Nordenstadt, von 15\u00b0\u00b0-17\u00b0\u00b0, wieder seine Pforten. Bei Kaffee und Kuchen, sowie Apfelwein (s\u00fc\u00df.- o. sauer gespritzt oder auch pur), sind alle B\u00fcrger von Nordenstadt und Umgebung eingeladen.<\/strong> <em>Dieter Klein<\/em><\/p>\n","protected":false},"excerpt":{"rendered":"<p>Jetzt soll noch ein zweiter Rettungsweg f&uuml;r den 1. Stock des Historische Museum Nordenstadt entstehen. Eine Komplizierte Bauaufgabe! Nachdem die &auml;u&szlig;eren und inneren Bauarbeiten seit ein paar Monaten fertig sind freute sich die Historische Werkstatt, das Haus Allen zu pr&auml;sentieren! Eine Brandschutzbegehung veranlasst durch die Stadt Wiesbaden sollte Klarheit schaffen, wie aktiver Brandschutz f&uuml;r dieses [&hellip;]<\/p>\n","protected":false},"author":1,"featured_media":2289,"comment_status":"open","ping_status":"open","sticky":false,"template":"","format":"standard","meta":{"footnotes":""},"categories":[192],"tags":[],"class_list":["post-2288","post","type-post","status-publish","format-standard","has-post-thumbnail","hentry","category-veroeffentlichung"],"_links":{"self":[{"href":"https:\/\/museum-nordenstadt.de\/index.php?rest_route=\/wp\/v2\/posts\/2288","targetHints":{"allow":["GET"]}}],"collection":[{"href":"https:\/\/museum-nordenstadt.de\/index.php?rest_route=\/wp\/v2\/posts"}],"about":[{"href":"https:\/\/museum-nordenstadt.de\/index.php?rest_route=\/wp\/v2\/types\/post"}],"author":[{"embeddable":true,"href":"https:\/\/museum-nordenstadt.de\/index.php?rest_route=\/wp\/v2\/users\/1"}],"replies":[{"embeddable":true,"href":"https:\/\/museum-nordenstadt.de\/index.php?rest_route=%2Fwp%2Fv2%2Fcomments&post=2288"}],"version-history":[{"count":1,"href":"https:\/\/museum-nordenstadt.de\/index.php?rest_route=\/wp\/v2\/posts\/2288\/revisions"}],"predecessor-version":[{"id":2290,"href":"https:\/\/museum-nordenstadt.de\/index.php?rest_route=\/wp\/v2\/posts\/2288\/revisions\/2290"}],"wp:featuredmedia":[{"embeddable":true,"href":"https:\/\/museum-nordenstadt.de\/index.php?rest_route=\/wp\/v2\/media\/2289"}],"wp:attachment":[{"href":"https:\/\/museum-nordenstadt.de\/index.php?rest_route=%2Fwp%2Fv2%2Fmedia&parent=2288"}],"wp:term":[{"taxonomy":"category","embeddable":true,"href":"https:\/\/museum-nordenstadt.de\/index.php?rest_route=%2Fwp%2Fv2%2Fcategories&post=2288"},{"taxonomy":"post_tag","embeddable":true,"href":"https:\/\/museum-nordenstadt.de\/index.php?rest_route=%2Fwp%2Fv2%2Ftags&post=2288"}],"curies":[{"name":"wp","href":"https:\/\/api.w.org\/{rel}","templated":true}]}}